{"id":683,"date":"2025-01-26T15:30:59","date_gmt":"2025-01-26T14:30:59","guid":{"rendered":"https:\/\/www.trsicko.cz\/muzeum\/?p=683"},"modified":"2025-11-21T13:20:19","modified_gmt":"2025-11-21T12:20:19","slug":"rodina-wolfova","status":"publish","type":"post","link":"https:\/\/www.trsicko.cz\/muzeum\/?p=683","title":{"rendered":"Rodina Wolfova"},"content":{"rendered":"\n<p>V roce 1984 byl v Olomouci objeven dokument z doby okupace \u2013 historicky zaj\u00edmav\u00fd, psychologicky vysoce canny a lidsky strhuj\u00edc\u00ed. Je to den\u00edk, kter\u00fd si v l\u00e9t\u011b 1942 za\u010dal ps\u00e1t patn\u00e1ctilet\u00fd Otto Wolf, kdy\u017e se uch\u00fdlil do podzem\u00ed se sv\u00fdmi rodi\u010di a sestrou, kte\u0159\u00ed se tak vyhnuli deportaci do koncentra\u010dn\u00edho t\u00e1bora a jist\u00e9 z\u00e1hub\u011b. Wolfovi se pak ukr\u00fdvali v les\u00edch u Tr\u0161ic, z\u010d\u00e1sti take p\u0159\u00edmo v Tr\u0161ic\u00edch a nakonec na Z\u00e1k\u0159ov\u011b. Otto Wolf byl mlad\u0161\u00edm bratrem mu\u017ee, jeho\u017e jm\u00e9no je dob\u0159e zn\u00e1mo z d\u011bjin \u010deskoslovensk\u00e9ho protifa\u0161istick\u00e9ho boje \u2013 Kutra Wolfa, jen\u017e studoval v letech 1935 \u2013 39 v Brn\u011b l\u00e9ka\u0159stv\u00ed, uprchl v \u010dervenci 1939 do Sov\u011btsk\u00e9ho svazu, kde pak vstoupil mezi prvn\u00edmi do \u010deskoslovensk\u00e9 zahrani\u010dn\u00ed arm\u00e1ny, v&nbsp; jej\u00ed\u017e \u0159ad\u00e1ch bojoval a padl v bitv\u011b u Sokolova 8.b\u0159ezna 1943. Kurt Wolf byl posmrtn\u011b vyznamen\u00e1n sov\u011btsk\u00fdm \u0159\u00e1dem Rud\u00e9ho praporu a \u010ceskoslovensk\u00fdm v\u00e1le\u010dn\u00fdm k\u0159\u00edzem. Tento k\u0159\u00ed\u017e byl posmrtn\u011b ud\u011blen take Ottovi, zavra\u017ed\u011bn\u00e9mu 20.dubna 1945 u Kyjanice u Velk\u00e9ho \u00dajezda.<\/p>\n\n\n\n<p>Autorem pl\u00e1nu, jak zachr\u00e1nit rodinu p\u0159ed transportem, byl tehdy p\u011btapades\u00e1tilet\u00fd Bertold Wolf. Narodil se 23.12.1886 v \u00dasov\u011b, kde jeho otec byl hostinsk\u00fdm. V letech 1910-20 \u017eil v Tr\u0161ic\u00edch , kde byl zam\u011bstn\u00e1n ve sladovn\u011b firmy Wolf a Neumann jako \u00fa\u010detn\u00ed. Pozd\u011bji byl obchodn\u00edkem v Lipn\u00edku n.B. a v Mohelnici.&nbsp; O\u017eenil se 29.7.1913 s Roz\u00e1li\u00ed, roz. Priefovou, narozenou 28.4.1893 v Lipn\u00edku n.B.<\/p>\n\n\n\n<p>Od roku 1933 \u017eila rodina Wolfova v Olomouci ve Smetanov\u011b ulici \u010d. 8. Tehdy&nbsp; byl ji\u017e otec Bertold d\u016fchodcem. Jeho syn Kurt se narodil 13.1915 v Lipn\u00edku&nbsp; n.B., dcera Felicitas \/Lici\/ 27.3.1920 rovn\u011b\u017e v Lipn\u00edku n.B., Otto 5.6.1927 v Mohelnici. V\u0161echny Wolfovy d\u011bti nav\u0161t\u011bvovaly \u010desk\u00e9 \u0161koly. B. Wolf, kter\u00fd v ml\u00e1d\u00ed pro\u0161el nem\u011bckou \u0161kolou, v pod\u00e1n\u00edch \u00fa\u0159ad\u016fm uv\u00e1d\u00ed v\u017edy svou \u010deskou n\u00e1rodnost a izraelsk\u00e9 n\u00e1bo\u017eenstv\u00ed.<\/p>\n\n\n\n<p>Po n\u00e1siln\u00e9m ustanoven\u00ed \u201cprotektor\u00e1tu\u201d se Wolfovi odst\u011bhovali do Tr\u0161ic, kde nebyla n\u011bmeck\u00e1 men\u0161ina, kde nebyl takov\u00fd bezprost\u0159edn\u00ed tlak okupa\u010dn\u00ed administrativy a kde B. Wolf m\u011bl zn\u00e1m\u00e9 z doby sv\u00e9ho n\u011bkdej\u0161\u00edho zdej\u0161\u00edcho p\u016fsoben\u00ed. Tak\u00e9 tu byly \u2013 jak se pozd\u011bji uk\u00e1zalo \u2013 ov\u0161em lep\u0161\u00ed podm\u00ednky pro eventu\u00e1ln\u00ed ileg\u00e1ln\u00ed z\u00e1sobov\u00e1n\u00ed ne\u017e ve m\u011bst\u011b, vzhledem k p\u0159\u00edd\u011blov\u00e9mu hospod\u00e1\u0159stv\u00ed. Wolfovi bydleli v dom\u011b Aloise Herinka na okraji obce. Tady pro\u017e\u00edvali \u201cnorm\u00e1ln\u011bj\u0161\u00ed\u201d \u017eidovsk\u00fd protektor\u00e1tn\u00ed osud se v\u0161emi omezen\u00edmi a z\u00e1kazy, poni\u017eov\u00e1n\u00edm a povinnost\u00ed nosit \u017elutou hv\u011bzdu. A s nebezpe\u010d\u00edm fyzick\u00e9ho zni\u010den\u00ed, kter\u00e9 se stale bl\u00ed\u017eilo. \u017did\u00e9 z Olomouce a okol\u00ed za\u010dali b\u00fdt soust\u0159e\u010fov\u00e1ni pro deportaci v druh\u00e9 polovin\u011b \u010dervna 1942. Prvn\u00ed transport byl odtud vypraven 26.7.1942. Rodina B. Wolfa byla sice do tohoto transport, ozna\u010den\u00e9m AAF povol\u00e1na, av\u0161ak do Terez\u00edna nedojela. Wolfovi odjeli na povoze z Tr\u0161ic ke sb\u011brn\u00e9mu t\u00e1boru do Olomouce, kdy\u017e p\u0159edt\u00edm odevzdali obecn\u00ed spr\u00e1v\u011b kl\u00ed\u010d od bytu, dokonce dali odv\u00e9zt na stanoven\u00e9 m\u00edsto sv\u00e1 zavazadla pro transport, av\u0161ak do sb\u011brn\u00e9ho st\u0159ediska ne\u0161li a vr\u00e1tili se p\u011b\u0161ky do lesa u Tr\u0161ic, kde si p\u0159edem vyhl\u00e9dli m\u00edsto pro \u00fakryt.<\/p>\n\n\n\n<p>Toto se ud\u00e1lo v pond\u011bl\u00ed 22.6.1942. V tento den za\u010d\u00ednaj\u00ed den\u00edkov\u00e9 z\u00e1znamy Ottovy, kter\u00e9 pak nep\u0159etr\u017eit\u011b pokra\u010duj\u00ed do 19.7.1943 a zachycuj\u00ed p\u0159esn\u011b v\u0161echny v\u0161edn\u00ed i mimo\u0159\u00e1dn\u00e9 ud\u00e1losti, je\u017e formovaly \u017eivot Wolfov\u00fdch ve st\u00edsn\u011bnosti a strachu, v maxim\u00e1ln\u00ed obez\u0159etnosti a materi\u00e1ln\u00ed nouzi, av\u0161ak take jejich v\u00edru v konec v\u00e1lky, v osvobozen\u00ed, ve shled\u00e1n\u00ed se sv\u00fdm synem a bratrem Kurtem.<\/p>\n\n\n\n<p>Nepoda\u0159ilo se zat\u00edm zjistit, zda den\u00edk opravdu skon\u010dil v \u010dervenci&nbsp; 1943 anebo zda se n\u00e1m jenom jeho pokra\u010dov\u00e1n\u00ed nezachovalo. N\u00e1sleduj\u00edc\u00ed roky skr\u00fdv\u00e1n\u00ed a ohro\u017een\u00e9ho byt\u00ed v napjat\u00e9 atmosf\u00e9\u0159e nejsou tedy tak dokumentov\u00e1ny jako rok prvn\u00ed. Existuj\u00ed ov\u0161em d\u00edlc\u00ed sv\u011bdectv\u00ed z \u00fast pam\u011btn\u00edk\u016f a take nap\u0159. Potvrzen\u00ed MNV Tr\u0161ice z 15.5.1945 o tom, \u017ee se Wolfovi zde po t\u0159i roky ukr\u00fdvali. Wolfovi se zde do\u017eili osvobozen\u00ed. A\u017e na jednoho.<\/p>\n\n\n\n<p>V dob\u011b, kdy Wolfovi m\u00edsto do transport odch\u00e1zeli do podzem\u00ed, vl\u00e1dl v \u201cprotektor\u00e1t\u011b\u201d po atent\u00e1tu na Heydricha mimo\u0159\u00e1dn\u011b siln\u00fd terror. Atmosf\u00e9ra strachu zv\u011bt\u0161ovala hl\u00e1\u0161en\u00ed o poprav\u00e1ch osob, kter\u00e9 \u017eily bez \u0159\u00e1dn\u00e9 policejn\u00ed p\u0159ihl\u00e1\u0161ky, a osob, kter\u00e9 je pak ukr\u00fdvaly nebo pom\u00e1haly. V\u0161ichni, kdo v\u011bd\u011bli o tajn\u00e9m pobytu Wolfov\u00fdch v Tr\u0161ic\u00edch, resp. se postupn\u011b o n\u011bm dozv\u00eddali, znali&nbsp; ov\u0161em smrteln\u00e9 nebezpe\u010d\u00ed, hroz\u00edc\u00ed Wolfov\u00fdm I t\u011bm, kdo jim umo\u017e\u0148ovali se ukr\u00fdvat p\u0159ed Terez\u00ednem a n\u00e1sleduj\u00edc\u00edmi plynov\u00fdmi komorami. V prvn\u00edch dnech v\u011bd\u011bl o Wolfov\u00fdch jedin\u00fd \u010dlov\u011bk, kter\u00fd jim na vlastn\u00ed p\u011bst p\u0159ipravil \u00fakryt a z\u00e1soboval je. V den\u00edku je ozna\u010dov\u00e1n b\u011b\u017en\u011b zkratkou Sl., n\u011bkolikr\u00e1t Sl\u00e1vek. Byl to zahradn\u00edk Jaroslav Zda\u0159il. O rodinu Wolfov\u00fdch se staral s nasazen\u00edm \u017eivota nejen on\u011bch 57 t\u00fddn\u016f, o nich\u017e vyd\u00e1v\u00e1 sv\u011bdectv\u00ed Ott\u016fv den\u00edk, n\u00fdbr\u017e je\u0161t\u011b I pozd\u011bji. Z\u00e1soboval je potravinami, petrolejem, lihem na va\u0159en\u00ed a jin\u00fdmi pot\u0159ebami. Zprost\u0159edkoval jim spojen\u00ed s p\u0159\u00edbuzn\u00fdmi v Praze a jinde a p\u0159in\u00e1\u0161el jim zpr\u00e1v y jak ze \u017eivota v Tr\u0161ic\u00edch a \u201cprotektor\u00e1tu\u201d, tak o v\u00fdvoji sv\u011btov\u00e9 situace. Zpr\u00e1vy se dozv\u00eddal ze zahrani\u010dn\u00edho rozhlasu &#8211; i takov\u00e9 poslouch\u00e1n\u00ed znamenalo smrteln\u00e9 ohro\u017een\u00ed t\u011bch, kdo se ho \u201cdopustili\u201d.<\/p>\n\n\n\n<p>Kdy\u017e se bl\u00ed\u017eila zima, museli Wolfovi opustit lesn\u00ed \u00fakryt, kter\u00fd byl improvizovan\u011b z\u0159\u00edzen na pokraji lesa v tzv. Americe, nedaleko Zda\u0159ilova pole, asi 1 km od obce. V \u0159\u00edjnu je Zda\u0159il p\u0159est\u011bhoval do male d\u0159ev\u011bn\u00e9 boudy, postaven\u00e9 na zahradnick\u00e9m pozemku, jej\u017e obhospoda\u0159oval spole\u010dn\u011b se sv\u00fdm bratrem Zde\u0148kem, u b\u0159ehu \u0159\u00ed\u010dky Ole\u0161nice a nedaleko Herinkova domu, kde Wolfovi p\u0159edt\u00edm bydleli. Bouda slou\u017eila jako sklad n\u00e1\u0159ad\u00ed a bylo v n\u00ed um\u00edst\u011bno tak\u00e9 \u010derpadlo na vodu \/proto tam byla zavedena elekt\u0159ina\/. Tenk\u00e9 st\u011bny boudy museli zevnit\u0159 vystlat roho\u017eemi, koberci, pap\u00edrem. Elektrick\u00fd va\u0159i\u010d nedostate\u010dn\u011b vyt\u00e1p\u011bl toto nevhodn\u00e9 obydl\u00ed v tehdej\u0161\u00ed krut\u00e9 zim\u011b. Boudu musel Sl\u00e1vek p\u0159es den zamkout, jej\u00ed obyvatel\u00e9 mohli vych\u00e1zet jen v noci. V dubnu se pak vr\u00e1tili do lesa.<\/p>\n\n\n\n<p>O ukr\u00fdvaj\u00edc\u00edch se Wolfov\u00fdch se postupn\u011b dov\u00eddalo mnoho lid\u00ed. Jednak p\u0159\u00edbuzn\u00ed Zda\u0159ilovi, jednak lid\u00e9, kte\u0159\u00ed n\u00e1hodou narazili na lesn\u00ed \u00fakryt, nebo jin\u00ed, kte\u0159\u00ed byli Wolfov\u00fdmi vyhled\u00e1ni s prosbou o podporu v z\u00e1sobov\u00e1n\u00ed, nebo nap\u0159.&nbsp; lesn\u00edk Opletal, kter\u00fd Wolfov\u00fdm zdokonalil \u00fakryt v lese. V\u011bc byla zn\u00e1ma&nbsp; take \u010detnick\u00e9mu vrchn\u00edmu str\u00e1\u017emistrovi Mi\u010dulkovi. Nena\u0161el se v\u0161ak nikdo, kdo by Wolfovy prozdradil. To sv\u011bd\u010d\u00ed o pevn\u00e9m postoji a nepatetick\u00e9mu hrdinstv\u00ed mnoha \u010desk\u00fdch lid\u00ed v t\u00e9to obci, kte\u0159\u00ed byli ochotni postoupit riziko a p\u0159in\u00e1\u0161et tak\u00e9 materi\u00e1ln\u00ed ob\u011bti.<\/p>\n\n\n\n<p>Po n\u011bjak\u00e9m \u010dase nesta\u010dil ji\u017e J. Zda\u0159il opat\u0159ovat potraviny pro \u010dty\u0159i skr\u00fdvan\u00e9 osoby&nbsp; v dostate\u010dn\u00e9m mno\u017estv\u00ed a Wolfovi proto vyhledali \u00fakryt v dom\u011b man\u017eel\u016f F. a M. Zbo\u0159ilov\u00fdch na jin\u00e9m konci obce. S Mari\u00ed Zbo\u0159ilovou se B. Wolf znal z doby sv\u00e9ho pobytu v Tr\u0161ic\u00edch p\u0159ed rokem 1920. Zde bydleli na p\u016fd\u011b, mohli se v\u0161ak v dom\u011b, p\u0159es den pr\u00e1zdn\u00e9m \/obyvatel\u00e9 byli v pr\u00e1ci\/, voln\u011b pohybovat. Dcera Felicitas Wolfov\u00e1, je\u017e byla obratnou d\u00e1mskou krej\u010dovou, \u0161ila pro sv\u00e9 hostitele a n\u011bkter\u00e9 zasv\u011bcen\u00e9 osoby \u0161aty apod. Potraviny Wolfov\u00fdm opat\u0159ovala s n\u00e1mahou tr\u0161ick\u00e1 dentistka Ludmila&nbsp; Tich\u00e1, je\u017e jim nosila I knihy, se\u0161ity na psan\u00ed aj. Proto\u017ee na ja\u0159e 1945 p\u0159ich\u00e1zely do Tr\u0161ic r\u016fzn\u00e9 n\u011bmeck\u00e9 skupiny, kter\u00e9 byly ubytov\u00e1ny po staven\u00edch, museli Wolfovi opustit sv\u00e9 dosuc dob\u0159e vyhovuj\u00edc\u00ed obydl\u00ed u Zbo\u0159il\u016f. Po n\u011bjak\u00e9 dob\u011b, str\u00e1ven\u00e9 op\u011bt v lese, je ukryla rodina Oherova v nedalek\u00e9m Z\u00e1k\u0159ov\u011b \u010d.1, kde byl voln\u00fd v\u00fdm\u011bnek. A tam dopadla na Wolfovu rodinu r\u00e1na.&nbsp; Tzv. Z\u00e1k\u0159ovsk\u00e1 tragedie postihla take Ottu Wolfa.<\/p>\n\n\n\n<p>Jm\u00e9no Otto Wolf je uvedeno na pam\u00e1tn\u00edku Z\u00e1k\u0159ovsk\u00fd \u017ealov. V Olomouci na B\u011blidlech nese jedna ulice jm\u00e9no brat\u0159\u00ed Wolf\u016f.&nbsp; O&nbsp; existence Ottova den\u00edku ve\u0159ejnost po celou dobu nic nev\u011bd\u011bla, jen tr\u0161i\u010dt\u00ed ob\u010dan\u00e9, do v\u011bci zasv\u011bcen\u00ed, podr\u017eeli v pam\u011bti, \u017ee si Otta d\u011blal n\u011bjak\u00e9 z\u00e1znamy.<\/p>\n\n\n\n<p>Matka R. Wolfov\u00e1, jej\u00ed\u017e zdravotn\u00ed stav se pobytem v lese zhor\u0161il, zem\u0159ela v roce 1952. B.Wolf pak v roce 1962. Jeho druh\u00e1 \u017eena Hajnalka Mandlov\u00e1 \/1895 \u2013 1984\/kr\u00e1tce p\u0159ed smrt\u00ed p\u0159edala ing. V. Karpfenovi v Olomouci t\u0159i strojopisn\u00e9 kopie textu den\u00edku, je\u017e pak byly p\u0159ed\u00e1ny Rad\u011b \u017eidovsk\u00fdch obc\u00ed v Praze. Den\u00edk je pe\u010dliv\u011b veden, bez p\u0159eru\u0161en\u00ed, s p\u0159esnou datac\u00ed, ka\u017ed\u00e9mu dni je vyhrazena samostatn\u00e1 str\u00e1nka, p\u0159\u00edpadn\u011b dv\u011b. Str\u00e1nky jsou \u010d\u00edslov\u00e1ny od 1 do 395. Z\u00e1znamy maj\u00ed jednotnou stavbu, danou sledem \u010dasu a obsahem, kter\u00fd je z velk\u00e9 \u010d\u00e1sti ur\u010dov\u00e1n monotonn\u00edm tokem v\u0161en\u00edho dne. Mimo\u0159\u00e1dn\u00e9 ud\u00e1losti, ra\u010ddostn\u00e9 zpr\u00e1vy, problematick\u00e9 v\u011bci a moment ohro\u017een\u00ed dost\u00e1vaj\u00ed pak vice prostoru a l\u00ed\u010d\u00ed ud\u00e1losti, postoj k nim a psychick\u00fd stav Wolfov\u00fdch, kter\u00fd v mnoh\u00e9m zrcadl\u00ed psychiku a sm\u00fd\u0161len\u00ed \u010desk\u00fdch lid\u00ed v on\u00e9 dob\u011b, jak t\u011bch bezprost\u0159edn\u011b ohro\u017een\u00fdch, tak ostatn\u00edch, ovliv\u0148ovan\u00fdch vlastenectv\u00edm, strachem, nen\u00e1vist\u00ed, nad\u011bj\u00ed, rezignac\u00ed, atd.<\/p>\n\n\n\n<p>Origin\u00e1l den\u00edku je dnes nezv\u011bstn\u00fd. Poda\u0159ilo se n\u00e1m v\u0161ak naj\u00edt pan\u00ed, kter\u00e1 p\u0159ed \u010dasem po\u0159\u00eddila \u010d\u00e1st opisu den\u00edku. Je to Anna Jel\u00ednkov\u00e1 z Olomouce, je\u017e znala B. Wolfa od d\u011btsk\u00fdch let, pro\u017eit\u00fdch v Tr\u0161ic\u00edch v&nbsp; dob\u011b kolem prvn\u00ed sv\u011btov\u00e9 v\u00e1lky. Podle jej\u00edho sd\u011blen\u00ed ji roku 1953 nebo 1954 vyhledal B. Wolf, pro kter\u00e9ho ji\u017e po l\u00e9ta opisovala r\u016fzn\u00e9 texty, a po\u017e\u00e1dal ji, aby opsala den\u00edk, kter\u00fd j\u00ed p\u0159inesl. Den\u00edk byl zaps\u00e1n ve dvou siln\u00fdch \u010dern\u00fdch tuh\u00fdch linkovan\u00fdch \u0161koln\u00edch se\u0161itech format A5 rukopisem, kter\u00fd nebyl lehce \u010diteln\u00fd.&nbsp; Se \u010dten\u00edm j\u00ed pom\u00e1hala jej\u00ed dcera Bronislava. Pan\u00ed Jel\u00ednkov\u00e1 opsala jeden se\u0161it a za\u010dala opisovat druh\u00fd, potom v\u0161ak onemocn\u011bla a musela pr\u00e1ci p\u0159eru\u0161it.&nbsp; B.Wolf si texty i den\u00edk odnesl. Kdo pokra\u010doval v opise nen\u00ed zn\u00e1mo. Tak\u00e9 nen\u00ed jasn\u00e9, zda tenkr\u00e1t existovaly jen tyto dva \u0161e\u0161ity, \u010di zda jich bylo v\u00edce.<\/p>\n\n\n\n<p>Auto\u0159i sd\u011blen\u00ed d\u011bkuj\u00ed sv\u00fdm spoluob\u010dan\u016fm, &nbsp;kte\u0159\u00ed poskytli cenn\u00e9 informace a materi\u00e1ly,<\/p>\n\n\n\n<p>t\u00fdkaj\u00edc\u00ed se osudu rodiny Wolfov\u00fdch a Ottova den\u00edku<\/p>\n\n\n\n<p>Jsou to:&nbsp; prof. Karel B\u0159ezina, Ludmila Chodilov\u00e1 \u2013 Tich\u00e1, Alois a Bo\u017eena Zda\u0159ilovi &#8211;&nbsp; z Tr\u0161ic<\/p>\n\n\n\n<p>Anna a Bronislava Jel\u00ednkovy, ing.V.Karpfen, O. Kub\u00ed\u010dek, V.A.Pol\u00e1k, PhDr. V. Sp\u00e1\u010dil, O.&nbsp;&nbsp;&nbsp;&nbsp;<\/p>\n\n\n\n<p>Wassermannov\u00e1, D. Zavadilov\u00e1 \u2013 z Olomouce<\/p>\n\n\n\n<p>Zdroj \u2013 Tr\u0161ick\u00fd m\u011bs\u00ed\u010dn\u00edk \u2013 1-2\/1991 \u2013 auto\u0159i&nbsp; \u010dl\u00e1nku&nbsp; Miroslav K\u00e1rn\u00fd a Ludv\u00edk V\u00e1clav\u00edk<\/p>\n","protected":false},"excerpt":{"rendered":"<p>V roce 1984 byl v Olomouci objeven dokument z doby okupace \u2013 historicky zaj\u00edmav\u00fd, psychologicky vysoce canny a lidsky strhuj\u00edc\u00ed. Je to den\u00edk, kter\u00fd si v l\u00e9t\u011b 1942 za\u010dal ps\u00e1t patn\u00e1ctilet\u00fd Otto Wolf, kdy\u017e se uch\u00fdlil do podzem\u00ed se sv\u00fdmi rodi\u010di a sestrou, kte\u0159\u00ed se tak vyhnuli deportaci do koncentra\u010dn\u00edho t\u00e1bora a jist\u00e9 z\u00e1hub\u011b. Wolfovi [&hellip;]<\/p>\n","protected":false},"author":2,"featured_media":0,"comment_status":"open","ping_status":"open","sticky":false,"template":"","format":"standard","meta":{"footnotes":""},"categories":[10],"tags":[7],"class_list":["post-683","post","type-post","status-publish","format-standard","hentry","category-zajimavosti-z-historie-obce","tag-zajimavosti-z-historie-obce"],"_links":{"self":[{"href":"https:\/\/www.trsicko.cz\/muzeum\/index.php?rest_route=\/wp\/v2\/posts\/683","targetHints":{"allow":["GET"]}}],"collection":[{"href":"https:\/\/www.trsicko.cz\/muzeum\/index.php?rest_route=\/wp\/v2\/posts"}],"about":[{"href":"https:\/\/www.trsicko.cz\/muzeum\/index.php?rest_route=\/wp\/v2\/types\/post"}],"author":[{"embeddable":true,"href":"https:\/\/www.trsicko.cz\/muzeum\/index.php?rest_route=\/wp\/v2\/users\/2"}],"replies":[{"embeddable":true,"href":"https:\/\/www.trsicko.cz\/muzeum\/index.php?rest_route=%2Fwp%2Fv2%2Fcomments&post=683"}],"version-history":[{"count":1,"href":"https:\/\/www.trsicko.cz\/muzeum\/index.php?rest_route=\/wp\/v2\/posts\/683\/revisions"}],"predecessor-version":[{"id":684,"href":"https:\/\/www.trsicko.cz\/muzeum\/index.php?rest_route=\/wp\/v2\/posts\/683\/revisions\/684"}],"wp:attachment":[{"href":"https:\/\/www.trsicko.cz\/muzeum\/index.php?rest_route=%2Fwp%2Fv2%2Fmedia&parent=683"}],"wp:term":[{"taxonomy":"category","embeddable":true,"href":"https:\/\/www.trsicko.cz\/muzeum\/index.php?rest_route=%2Fwp%2Fv2%2Fcategories&post=683"},{"taxonomy":"post_tag","embeddable":true,"href":"https:\/\/www.trsicko.cz\/muzeum\/index.php?rest_route=%2Fwp%2Fv2%2Ftags&post=683"}],"curies":[{"name":"wp","href":"https:\/\/api.w.org\/{rel}","templated":true}]}}